{"id":217,"date":"2020-06-01T07:45:00","date_gmt":"2020-06-01T05:45:00","guid":{"rendered":"https:\/\/tmp1.rocska.hu\/?p=217"},"modified":"2020-08-19T15:16:24","modified_gmt":"2020-08-19T13:16:24","slug":"nyari-borapolas","status":"publish","type":"post","link":"https:\/\/tamasikatalin.hu\/?p=217","title":{"rendered":"Ny\u00e1ri b\u0151r\u00e1pol\u00e1s"},"content":{"rendered":"\n<p>Ny\u00e1r- Nap-Sz\u00e1razs\u00e1g!<br><br>A h\u0151m\u00e9r\u0151 higanysz\u00e1la emelkedik, a ruh\u00e1zat egyre leng\u00e9bb, a cip\u0151 egyre nyitottabb, a napszem\u00fcveg elengedhetetlen. Alkalmazkodunk a h\u0151m\u00e9rs\u00e9kletekhez.<br>\u00c9s a b\u0151r\u00fcnk? Az arc \u00e9s a kezek eg\u00e9sz \u00e9vben v\u00e9dtelen\u00fcl ki vannak szolg\u00e1ltatva a k\u00f6rnyezeti hat\u00e1soknak. Jeges hideg vagy k\u00e1nikula, utcai szennyez\u0151d\u00e9sek vagya kl\u00f3ros v\u00edz csak n\u00e9h\u00e1ny t\u00e9nyez\u0151, amely legnagyobb szerv\u00fcnket, a b\u0151rt, meglehet\u0151sen ig\u00e9nybe veszi.<br>Szerencs\u00e9re van n\u00e9h\u00e1ny olyan term\u00e9szetes kozmetikum, amely nem rak\u00f3dik filmk\u00e9nt a p\u00f3rusokra, hanem \u00e9rt\u00e9kes n\u00f6v\u00e9nyi hat\u00f3anyagokat aj\u00e1nd\u00e9koz a b\u0151rnek \u00e9s v\u00e9delmet biztos\u00edt a mindennapi kih\u00edv\u00e1sokkal szemben.<br>Magas h\u0151m\u00e9rs\u00e9kletek eset\u00e9n, amikor fokozottan izzad a b\u0151r a tartalmas kr\u00e9mek nem ide\u00e1lis \u00fatit\u00e1rsak.<br>Mit tegy\u00fcnk teh\u00e1t?<br>A forr\u00f3s\u00e1g mindig p\u00e1rolg\u00e1st is jelent az akut sz\u00e1razs\u00e1g k\u00f6vetkezm\u00e9ny\u00e9vel. V\u00edzre van sz\u00fcks\u00e9g, m\u00e9ghozz\u00e1 gyorsan! Sokat kell inni, mert az bel\u00fclr\u0151l seg\u00edt a b\u0151rnek \u00e9s az intenz\u00edv nedvess\u00e9gbevitel k\u00edv\u00fclr\u0151l oltja a b\u0151r szomj\u00e1t. Ny\u00e1ron teh\u00e1t az \u00e1pol\u00f3 term\u00e9kek k\u00f6nny\u0171 v\u00e1ltozatai keresettek.<br><br><strong>Kifejezetten a ny\u00e1ri id\u0151szakra kifejlesztett Summer Time term\u00e9kcsal\u00e1d!<\/strong><\/p>\n\n\n\n<div class=\"wp-block-image\"><figure class=\"aligncenter size-large\"><img loading=\"lazy\" decoding=\"async\" width=\"440\" height=\"330\" src=\"https:\/\/tmp1.rocska.hu\/wp-content\/uploads\/2020\/08\/mgst1.jpg\" alt=\"\" class=\"wp-image-218\" srcset=\"https:\/\/tamasikatalin.hu\/wp-content\/uploads\/2020\/08\/mgst1.jpg 440w, https:\/\/tamasikatalin.hu\/wp-content\/uploads\/2020\/08\/mgst1-300x225.jpg 300w, https:\/\/tamasikatalin.hu\/wp-content\/uploads\/2020\/08\/mgst1-80x60.jpg 80w, https:\/\/tamasikatalin.hu\/wp-content\/uploads\/2020\/08\/mgst1-110x83.jpg 110w\" sizes=\"auto, (max-width: 440px) 100vw, 440px\" \/><\/figure><\/div>\n\n\n\n<p>N\u00e9h\u00e1ny \u00e9rdekess\u00e9g a SUMMER TIME term\u00e9kekr\u0151l:<\/p>\n\n\n\n<ol class=\"wp-block-list\"><li>SPF 6 f\u00e9nyv\u00e9d\u0151 faktorsz\u00e1mmal min\u0151s\u00edtve<br>Term\u00e9szetes f\u00e9nyv\u00e9d\u0151 hat\u00e1s: a SUMMER TIME kr\u00e9m, nap- \u00e9s test\u00e1pol\u00f3 tej, valamint a test\u00e1pol\u00f3 olaj az idei \u00e9vt\u0151l 6-os napv\u00e9d\u0151 faktorsz\u00e1mmal rendelkezik. \u00cdgy ez a tri\u00f3 term\u00e9szetes napv\u00e9delmet tud biztos\u00edtani a haszn\u00e1l\u00f3iknak. A term\u00e9kek \u00f6sszet\u00e9tele nem v\u00e1ltozott, csak sikeres napv\u00e9delem min\u0151s\u00edt\u00e9sen estek \u00e1t az idei \u00e9v elej\u00e9n. \u00cdgy most m\u00e1r hivatalosan \u00e1ll\u00edthatjuk r\u00f3luk a f\u00e9nyv\u00e9d\u0151 hat\u00e1sukat. Term\u00e9keink term\u00e9szetesen nem p\u00f3tolj\u00e1k a b\u0151r er\u0151teljesebb f\u00e9nyv\u00e9delm\u00e9t szolg\u00e1l\u00f3 k\u00e9sz\u00edtm\u00e9nyek haszn\u00e1lat\u00e1t a ny\u00e1ri naps\u00fct\u00e9sben, de azok hat\u00e1s\u00e1t is er\u0151s\u00edtik, kieg\u00e9sz\u00edtik.<\/li><li>Kukuidi\u00f3 olaj t\u00e1mogatja \u00e9s serkenti a b\u0151r melanin termel\u00e9s\u00e9t<br>Kukuidi\u00f3 olaj k\u00f6zponti \u00f6sszetev\u0151je a SUMMER TIME term\u00e9keknek, mivel az \u00e1sv\u00e1nyi f\u00f6ld komponenssel egy\u00fctt k\u00e9pezi term\u00e9keink f\u00e9nyv\u00e9d\u0151 hat\u00e1s\u00e1nak b\u00e1zis\u00e1t. A kukuidi\u00f3 olajat az Aleurites Moluccana fa magj\u00e1b\u00f3l nyerik ki, k\u00edm\u00e9letes hidegen sajtol\u00e1ssal. A tr\u00f3pusi vid\u00e9keken \u00e9vsz\u00e1zadok \u00f3ta haszn\u00e1lj\u00e1k ezt a csod\u00e1latos olajat a sz\u00fclet\u00e9s ut\u00e1n az \u00fajsz\u00fcl\u00f6ttek b\u0151r\u00e9nek saj\u00e1t, napf\u00e9ny elleni v\u00e9d\u0151m\u0171k\u00f6d\u00e9s\u00e9nek aktiv\u00e1l\u00e1s\u00e1ra. A kukuidi\u00f3 olaj rendk\u00edv\u00fcl gazdag vitaminokban, k\u00fcl\u00f6n\u00f6sen A, B \u00e9s E vitaminban. Serkenti a b\u0151r melanin termel\u00e9s\u00e9t, amely a b\u0151r saj\u00e1t pigementje, \u00edgy v\u00e9delmezi a b\u0151rt a napsug\u00e1rz\u00e1st\u00f3l \u00e9s el\u0151seg\u00edti a sz\u00e9p, term\u00e9szetes barnas\u00e1g kialakul\u00e1s\u00e1t. Di\u00f3h\u00e9jban: A SUMMER TIME term\u00e9kek t\u00e1mogatj\u00e1k a b\u0151rt az \u00e9ltet\u0151 napf\u00e9ny \u00e9lvezet\u00e9ben, \u00e9s seg\u00edtenek megel\u0151zni a napf\u00e9ny t\u00falzott behat\u00e1s\u00e1b\u00f3l sz\u00e1rmaz\u00f3 k\u00e1ros, kellemetlen mell\u00e9khat\u00e1sokat.<\/li><li>Hidrat\u00e1l\u00f3 \u00e9s relax\u00e1l\u00f3 hat\u00e1s az ig\u00e9nybevett b\u0151r sz\u00e1m\u00e1ra<br>A SUMMER TIME term\u00e9keknek az ig\u00e9nybevett, f\u00e1radt b\u0151rre gyakorolt kedvez\u0151 hat\u00e1s\u00e1t nem csak ny\u00e1ron, hanem az eg\u00e9sz \u00e9v sor\u00e1n \u00e9lvezhetj\u00fck. A vitaminban gazdag csics\u00f3ka kivonata \u00e9s az egzotikus kukuidi\u00f3 olaj tartalma term\u00e9szetesen sim\u00edtja, gyeng\u00e9den regener\u00e1lja \u00e9s hat\u00e9konyan hidrat\u00e1lja a b\u0151rt. \u00c9s ne felejts\u00fck el term\u00e9keink csod\u00e1latos illat\u00e1t: A van\u00edlia, citromf\u0171 \u00e9s szant\u00e1l ill\u00f3olajok kever\u00e9ke a ny\u00e1ri nap sugarait id\u00e9zik a b\u0151r\u00fcnkre b\u00e1rmely \u00e9vszakban!<\/li><\/ol>\n\n\n\n<p>A Martina Gebhardt Nat\u00farkozmetika arctejei k\u00f6nny\u0171, finom emulzi\u00f3k, amelyek ide\u00e1lisak smink al\u00e1 is. Gyorsan \u00e9s k\u00f6nnyed\u00e9n besz\u00edv\u00f3dnak, vitaliz\u00e1lj\u00e1k \u00e9s megnyugtatj\u00e1k a b\u0151rt, an\u00e9lk\u00fcl hogy elt\u00f6mn\u00e9k a p\u00f3rusokat. Figyelemre m\u00e9lt\u00f3, hogy l\u00e1gy konzisztenci\u00e1juk ellen\u00e9re nem tartalmaznak glicerint*, ahogy egyetlen Martina Gebhardt term\u00e9k sem.<br>Aki ny\u00e1ron k\u00f6nny\u0171 csomaggal szeret utazni, az arctejeket test\u00e1pol\u00f3k\u00e9nt \u00e9s napoz\u00e1s ut\u00e1ni tejk\u00e9nt is haszn\u00e1lhatja.<br><br>A tonik az abszol\u00fat frissess\u00e9get szolg\u00e1ltatja, r\u00f6gt\u00f6n felkel\u00e9s ut\u00e1n vagy b\u00e1rmikor napk\u00f6zben, ha felfriss\u00fcl\u00e9sre v\u00e1gyunk. Ak\u00e1r a Happy Aging, a Zs\u00e1lya, a Ginzeng, a R\u00f3zsa vagy a Sheavaj-term\u00e9kcsal\u00e1dot v\u00e1lasztjuk, mindegyik tonik \u00e9rt\u00e9kes n\u00f6v\u00e9nyi hidrol\u00e1tumokat tartalmaz, amelyek a praktikus pump\u00e1s adagol\u00f3nak k\u00f6sz\u00f6nhet\u0151en gyors felfriss\u00fcl\u00e9st garant\u00e1lnak. A reggeli arc\u00e1pol\u00e1s m\u00e1sodik l\u00e9p\u00e9sek\u00e9nt csod\u00e1latos alapot k\u00e9peznek az arctejek vagy kr\u00e9mek sz\u00e1m\u00e1ra \u00e9s friss\u00edt\u0151 k\u00eds\u00e9r\u0151k a forr\u00f3 ny\u00e1ri napokon.<br><br>Tipp: sz\u00e1raz hajv\u00e9geken is seg\u00edt a Tonik.<\/p>\n","protected":false},"excerpt":{"rendered":"<p>Ny\u00e1r- Nap-Sz\u00e1razs\u00e1g! A h\u0151m\u00e9r\u0151 higanysz\u00e1la emelkedik, a ruh\u00e1zat egyre leng\u00e9bb, a cip\u0151 egyre nyitottabb, a napszem\u00fcveg elengedhetetlen. Alkalmazkodunk a h\u0151m\u00e9rs\u00e9kletekhez.\u00c9s a b\u0151r\u00fcnk? Az arc \u00e9s a kezek eg\u00e9sz \u00e9vben v\u00e9dtelen\u00fcl &hellip; <\/p>\n","protected":false},"author":2,"featured_media":218,"comment_status":"closed","ping_status":"closed","sticky":false,"template":"","format":"standard","meta":{"footnotes":""},"categories":[1],"tags":[],"class_list":["post-217","post","type-post","status-publish","format-standard","has-post-thumbnail","hentry","category-egyeb"],"_links":{"self":[{"href":"https:\/\/tamasikatalin.hu\/index.php?rest_route=\/wp\/v2\/posts\/217","targetHints":{"allow":["GET"]}}],"collection":[{"href":"https:\/\/tamasikatalin.hu\/index.php?rest_route=\/wp\/v2\/posts"}],"about":[{"href":"https:\/\/tamasikatalin.hu\/index.php?rest_route=\/wp\/v2\/types\/post"}],"author":[{"embeddable":true,"href":"https:\/\/tamasikatalin.hu\/index.php?rest_route=\/wp\/v2\/users\/2"}],"replies":[{"embeddable":true,"href":"https:\/\/tamasikatalin.hu\/index.php?rest_route=%2Fwp%2Fv2%2Fcomments&post=217"}],"version-history":[{"count":1,"href":"https:\/\/tamasikatalin.hu\/index.php?rest_route=\/wp\/v2\/posts\/217\/revisions"}],"predecessor-version":[{"id":219,"href":"https:\/\/tamasikatalin.hu\/index.php?rest_route=\/wp\/v2\/posts\/217\/revisions\/219"}],"wp:featuredmedia":[{"embeddable":true,"href":"https:\/\/tamasikatalin.hu\/index.php?rest_route=\/wp\/v2\/media\/218"}],"wp:attachment":[{"href":"https:\/\/tamasikatalin.hu\/index.php?rest_route=%2Fwp%2Fv2%2Fmedia&parent=217"}],"wp:term":[{"taxonomy":"category","embeddable":true,"href":"https:\/\/tamasikatalin.hu\/index.php?rest_route=%2Fwp%2Fv2%2Fcategories&post=217"},{"taxonomy":"post_tag","embeddable":true,"href":"https:\/\/tamasikatalin.hu\/index.php?rest_route=%2Fwp%2Fv2%2Ftags&post=217"}],"curies":[{"name":"wp","href":"https:\/\/api.w.org\/{rel}","templated":true}]}}