{"id":220,"date":"2020-08-10T07:47:01","date_gmt":"2020-08-10T07:47:01","guid":{"rendered":"https:\/\/tmp1.rocska.hu\/?p=220"},"modified":"2020-08-19T14:24:31","modified_gmt":"2020-08-19T12:24:31","slug":"a-szocialis-felelossegvallalas-mint-a-motivacio-forrasa","status":"publish","type":"post","link":"https:\/\/tamasikatalin.hu\/?p=220","title":{"rendered":"A Szoci\u00e1lis felel\u0151ss\u00e9gv\u00e1llal\u00e1s, mint a motiv\u00e1ci\u00f3 forr\u00e1sa"},"content":{"rendered":"\n<p>Martina Gebhardt m\u00e1r a c\u00e9g alap\u00edt\u00e1sakor, t\u00f6bb mint 25 \u00e9vvel ezel\u0151tt szoci\u00e1lis \u00e9s \u00f6kol\u00f3giai felel\u0151ss\u00e9get v\u00e1llalt fel nemzetk\u00f6zi v\u00e1llalkoz\u00f3i tev\u00e9kenys\u00e9g\u00e9ben. Kiv\u00e9tel n\u00e9lk\u00fcl azokkal a gazd\u00e1kkal m\u0171k\u00f6dik egy\u00fctt, akik az ellen\u0151rz\u00f6tt biol\u00f3giai termeszt\u00e9s mellet, \u00e9s lehet\u0151s\u00e9g szerint a Demeter-min\u0151s\u00edt\u00e9s mellett d\u00f6nt\u00f6ttek, ha ez nem is mindig nagyon egyszer\u0171. A mai napig az a szil\u00e1rd meggy\u0151z\u0151d\u00e9s vezeti, hogy minden kapcsolat \u2013 legyen ez szakmai, vagy priv\u00e1t- k\u00f6lcs\u00f6nhat\u00e1sban van egym\u00e1ssal.<br>\u201eNem lehet nek\u00fcnk az egyik oldalon csak a term\u00e9szetb\u0151l \u00e9lni, \u00e9s azt a m\u00e1sik oldalon kizs\u00e1km\u00e1nyolni.\u201d<br>A legifjabb projektje egy sheavaj termeszt\u0151 ter\u00fclet, a Nyugat-Afrikai Burkina Faso-ban (aminek jelent\u00e9se: \u201eAz Egyenesek Orsz\u00e1ga\u201d). A helyiek t\u00e1mogat\u00e1s\u00e1val arr\u00f3l gondoskodik, hogy seg\u00edtse a kis \u00fczemek \u00e1t\u00e1ll\u00e1s\u00e1t a bio termeszt\u00e9sre. A termeszt\u00e9s bio-\u00e1t\u00e1ll\u00edt\u00e1s\u00e1hoz sz\u00fcks\u00e9ges berendez\u00e9seket \u00e9s g\u00e9peket biztos\u00edtja. \u201eHa az emberek vid\u00e9ken \u00fajra a csal\u00e1djaikat el tudj\u00e1k l\u00e1tni mindabb\u00f3l, amit termesztenek, vagy el\u0151\u00e1ll\u00edtanak, akkor meg lehet \u00e1ll\u00edtani a vid\u00e9kr\u0151l val\u00f3 menek\u00fcl\u00e9s\u00fcket \u00e9s a saj\u00e1t csal\u00e1djaikon bel\u00fcli \u00e9rtelmes \u00e9let lehet\u0151s\u00e9ge \u00fajra fenn\u00e1ll.\u201d \u2013\u00cdgy sz\u00e1mol be Martina Gebhardt a Nyugat-Afrikai utaz\u00e1sain szerzett tapasztalatair\u00f3l.<\/p>\n\n\n\n<div class=\"wp-block-image\"><figure class=\"aligncenter size-large\"><img loading=\"lazy\" decoding=\"async\" width=\"780\" height=\"340\" src=\"https:\/\/tmp1.rocska.hu\/wp-content\/uploads\/2020\/08\/shea4.jpg\" alt=\"\" class=\"wp-image-221\" srcset=\"https:\/\/tamasikatalin.hu\/wp-content\/uploads\/2020\/08\/shea4.jpg 780w, https:\/\/tamasikatalin.hu\/wp-content\/uploads\/2020\/08\/shea4-300x131.jpg 300w, https:\/\/tamasikatalin.hu\/wp-content\/uploads\/2020\/08\/shea4-768x335.jpg 768w, https:\/\/tamasikatalin.hu\/wp-content\/uploads\/2020\/08\/shea4-138x60.jpg 138w\" sizes=\"auto, (max-width: 780px) 100vw, 780px\" \/><\/figure><\/div>\n\n\n\n<p>Ellent\u00e9telez\u00e9s\u00fcl ez\u00e9rt mindig \u00faj \u00e9s leny\u0171g\u00f6z\u0151 \u00e1ttekint\u00e9st kap a gyakran \u00e9vezredes b\u00f6lcsess\u00e9gr\u0151l, sz\u00e9ps\u00e9gr\u0151l \u00e9s gy\u00f3gy\u00edt\u00e1sr\u00f3l val\u00f3 r\u00e9gi tud\u00e1sr\u00f3l, amit \u0151 szem\u00e9lyesen is felhaszn\u00e1l, \u00e9s ami v\u00e9gs\u0151 soron minden Martina Gebhardt term\u00e9ket haszn\u00e1l\u00f3 embernek jav\u00e1ra v\u00e1lik. Az \u00e1pol\u00e1si term\u00e9kek ezeket a tapasztalatokat hordozz\u00e1k magukban.<\/p>\n","protected":false},"excerpt":{"rendered":"<p>Martina Gebhardt m\u00e1r a c\u00e9g alap\u00edt\u00e1sakor, t\u00f6bb mint 25 \u00e9vvel ezel\u0151tt szoci\u00e1lis \u00e9s \u00f6kol\u00f3giai felel\u0151ss\u00e9get v\u00e1llalt fel nemzetk\u00f6zi v\u00e1llalkoz\u00f3i tev\u00e9kenys\u00e9g\u00e9ben. Kiv\u00e9tel n\u00e9lk\u00fcl azokkal a gazd\u00e1kkal m\u0171k\u00f6dik egy\u00fctt, akik az ellen\u0151rz\u00f6tt &hellip; <\/p>\n","protected":false},"author":2,"featured_media":221,"comment_status":"closed","ping_status":"closed","sticky":false,"template":"","format":"standard","meta":{"footnotes":""},"categories":[1],"tags":[],"class_list":["post-220","post","type-post","status-publish","format-standard","has-post-thumbnail","hentry","category-egyeb"],"_links":{"self":[{"href":"https:\/\/tamasikatalin.hu\/index.php?rest_route=\/wp\/v2\/posts\/220","targetHints":{"allow":["GET"]}}],"collection":[{"href":"https:\/\/tamasikatalin.hu\/index.php?rest_route=\/wp\/v2\/posts"}],"about":[{"href":"https:\/\/tamasikatalin.hu\/index.php?rest_route=\/wp\/v2\/types\/post"}],"author":[{"embeddable":true,"href":"https:\/\/tamasikatalin.hu\/index.php?rest_route=\/wp\/v2\/users\/2"}],"replies":[{"embeddable":true,"href":"https:\/\/tamasikatalin.hu\/index.php?rest_route=%2Fwp%2Fv2%2Fcomments&post=220"}],"version-history":[{"count":2,"href":"https:\/\/tamasikatalin.hu\/index.php?rest_route=\/wp\/v2\/posts\/220\/revisions"}],"predecessor-version":[{"id":308,"href":"https:\/\/tamasikatalin.hu\/index.php?rest_route=\/wp\/v2\/posts\/220\/revisions\/308"}],"wp:featuredmedia":[{"embeddable":true,"href":"https:\/\/tamasikatalin.hu\/index.php?rest_route=\/wp\/v2\/media\/221"}],"wp:attachment":[{"href":"https:\/\/tamasikatalin.hu\/index.php?rest_route=%2Fwp%2Fv2%2Fmedia&parent=220"}],"wp:term":[{"taxonomy":"category","embeddable":true,"href":"https:\/\/tamasikatalin.hu\/index.php?rest_route=%2Fwp%2Fv2%2Fcategories&post=220"},{"taxonomy":"post_tag","embeddable":true,"href":"https:\/\/tamasikatalin.hu\/index.php?rest_route=%2Fwp%2Fv2%2Ftags&post=220"}],"curies":[{"name":"wp","href":"https:\/\/api.w.org\/{rel}","templated":true}]}}