{"id":223,"date":"2020-07-13T07:50:00","date_gmt":"2020-07-13T05:50:00","guid":{"rendered":"https:\/\/tmp1.rocska.hu\/?p=223"},"modified":"2020-08-19T15:15:32","modified_gmt":"2020-08-19T13:15:32","slug":"a-jotekony-sheavaj","status":"publish","type":"post","link":"https:\/\/tamasikatalin.hu\/?p=223","title":{"rendered":"A J\u00f3t\u00e9kony Sheavaj"},"content":{"rendered":"\n<p>Egyre t\u00f6bb ember betegszik meg a b\u0151r t\u00fal\u00e9rz\u00e9kenys\u00e9g\u00e9ben, pedig az okok elker\u00fclhet\u0151k lenn\u00e9nek. Az \u201eallergia\u201d sz\u00f3 g\u00f6r\u00f6g eredet\u0171 \u00e9s idegenreakci\u00f3t jelent. Vagyis az immunrendszer egy nem v\u00e1rt, gyakran heves v\u00e9dekez\u0151 reakci\u00f3ja bizonyos anyagokra. K\u00f6vetkezm\u00e9nyk\u00e9nt a b\u0151r \u00e9s a ny\u00e1lkah\u00e1rtya k\u00fcl\u00f6nb\u00f6z\u0151k\u00e9ppen reag\u00e1l. Az \u00e1pol\u00e1ssal a b\u0151rt nem megterhelni, hanem tehermentes\u00edteni kell \u00e9s a pozit\u00edv funkci\u00f3it t\u00e1mogatni.<br><br>Irrit\u00e1l\u00f3 \u00f6sszetev\u0151kt\u0151l mentes kozmetikumokkal megel\u0151zhet\u0151, hogy ezek a kellemetlen reakci\u00f3k \u00e9s allergi\u00e1k egy\u00e1ltal\u00e1n fell\u00e9pjenek. Ez Martina Gebhardt egyik f\u0151 c\u00e9lja is, term\u00e9kei kifejleszt\u00e9s\u00e9n\u00e9l kiz\u00e1r\u00f3lag term\u00e9szetes tisztas\u00e1g\u00fa \u00f6sszetev\u0151ket haszn\u00e1l \u00e9s kutat\u00e1sain\u00e1l olyan emberek \u00e9vezredes tud\u00e1skincs\u00e9b\u0151l t\u00e1pl\u00e1lkozik, akik semmi m\u00e1sb\u00f3l nem tudt\u00e1k beszerezni nyersanyagaikat, csak a term\u00e9szetb\u0151l.<br><br>Ez a c\u00e9gfiloz\u00f3fia t\u00fckr\u00f6z\u0151dik a Martina Gebhardt Sheavaj term\u00e9kcsal\u00e1dban, melynek tagjai nem tartalmaznak sem \u00e9terikus olajakat, sem alkoholt, sem pedig n\u00f6v\u00e9nyi kivonatokat. Ezenk\u00edv\u00fcl nem tartalmaznak \u2013 ahogy egyetlen Martina Gebhardt term\u00e9k sem \u2013 tart\u00f3s\u00edt\u00f3szereket, tenzideket, szintetikus nyersanyagokat, valamint illatos\u00edtott \u00f6sszetev\u0151ket sem.<\/p>\n\n\n\n<div class=\"wp-block-image\"><figure class=\"aligncenter size-large is-resized\"><img loading=\"lazy\" decoding=\"async\" src=\"https:\/\/tmp1.rocska.hu\/wp-content\/uploads\/2020\/08\/shea3.jpg\" alt=\"\" class=\"wp-image-224\" width=\"272\" height=\"272\" srcset=\"https:\/\/tamasikatalin.hu\/wp-content\/uploads\/2020\/08\/shea3.jpg 670w, https:\/\/tamasikatalin.hu\/wp-content\/uploads\/2020\/08\/shea3-300x300.jpg 300w, https:\/\/tamasikatalin.hu\/wp-content\/uploads\/2020\/08\/shea3-150x150.jpg 150w, https:\/\/tamasikatalin.hu\/wp-content\/uploads\/2020\/08\/shea3-60x60.jpg 60w\" sizes=\"auto, (max-width: 272px) 100vw, 272px\" \/><\/figure><\/div>\n\n\n\n<p>Martina Gebhardt recept\u00far\u00e1iban tudatosan csak n\u00e9h\u00e1ny kimondottan irrit\u00e1ci\u00f3szeg\u00e9ny nyersanyagot haszn\u00e1l. A Sheavaj term\u00e9kcsal\u00e1d \u00f6ssze\u00e1ll\u00edt\u00e1s\u00e1n\u00e1l fokozottan \u00fcgyelt arra, hogy olyan term\u00e9kcsal\u00e1dot alkosson, amely valamennyi allergi\u00e1t kiv\u00e1lt\u00f3 t\u00e9nyez\u0151t ker\u00fcli. Ennek a konzekvenci\u00e1nak k\u00f6sz\u00f6nhet\u0151en a m\u00e1r k\u00e1rosodott b\u0151r is \u00fajra eg\u00e9szs\u00e9gess\u00e9 v\u00e1lhat \u00e9s regener\u00e1l\u00f3dhat. Ezt t\u00e1mogatja a term\u00e9kekben felhaszn\u00e1lt r\u00f3zsa- \u00e9s bodzavir\u00e1gv\u00edz is, melyet a vir\u00e1gzat g\u0151zdesztill\u00e1ci\u00f3j\u00e1val nyernek \u00e9s k\u00fcl\u00f6n\u00f6sen gyeng\u00e9d az \u00e9rz\u00e9keny b\u0151rh\u00f6z. Ezt a gyeng\u00e9d emulzi\u00f3t a sheavaj-di\u00f3b\u00f3l nyert zsirad\u00e9k eg\u00e9sz\u00edti ki. A sheavaj k\u00fcl\u00f6n\u00f6sen irrit\u00e1ci\u00f3cs\u00f6kkent\u0151 hat\u00e1s\u00fa, \u00edgy a neurodermitisz \u00e9s a pikkelys\u00f6m\u00f6r kieg\u00e9sz\u00edt\u0151 ter\u00e1pi\u00e1s kezel\u00e9s\u00e9ben el\u0151szeretettel alkalmazz\u00e1k.<\/p>\n","protected":false},"excerpt":{"rendered":"<p>Egyre t\u00f6bb ember betegszik meg a b\u0151r t\u00fal\u00e9rz\u00e9kenys\u00e9g\u00e9ben, pedig az okok elker\u00fclhet\u0151k lenn\u00e9nek. Az \u201eallergia\u201d sz\u00f3 g\u00f6r\u00f6g eredet\u0171 \u00e9s idegenreakci\u00f3t jelent. Vagyis az immunrendszer egy nem v\u00e1rt, gyakran heves v\u00e9dekez\u0151 &hellip; <\/p>\n","protected":false},"author":2,"featured_media":224,"comment_status":"closed","ping_status":"closed","sticky":false,"template":"","format":"standard","meta":{"footnotes":""},"categories":[1],"tags":[],"class_list":["post-223","post","type-post","status-publish","format-standard","has-post-thumbnail","hentry","category-egyeb"],"_links":{"self":[{"href":"https:\/\/tamasikatalin.hu\/index.php?rest_route=\/wp\/v2\/posts\/223","targetHints":{"allow":["GET"]}}],"collection":[{"href":"https:\/\/tamasikatalin.hu\/index.php?rest_route=\/wp\/v2\/posts"}],"about":[{"href":"https:\/\/tamasikatalin.hu\/index.php?rest_route=\/wp\/v2\/types\/post"}],"author":[{"embeddable":true,"href":"https:\/\/tamasikatalin.hu\/index.php?rest_route=\/wp\/v2\/users\/2"}],"replies":[{"embeddable":true,"href":"https:\/\/tamasikatalin.hu\/index.php?rest_route=%2Fwp%2Fv2%2Fcomments&post=223"}],"version-history":[{"count":2,"href":"https:\/\/tamasikatalin.hu\/index.php?rest_route=\/wp\/v2\/posts\/223\/revisions"}],"predecessor-version":[{"id":257,"href":"https:\/\/tamasikatalin.hu\/index.php?rest_route=\/wp\/v2\/posts\/223\/revisions\/257"}],"wp:featuredmedia":[{"embeddable":true,"href":"https:\/\/tamasikatalin.hu\/index.php?rest_route=\/wp\/v2\/media\/224"}],"wp:attachment":[{"href":"https:\/\/tamasikatalin.hu\/index.php?rest_route=%2Fwp%2Fv2%2Fmedia&parent=223"}],"wp:term":[{"taxonomy":"category","embeddable":true,"href":"https:\/\/tamasikatalin.hu\/index.php?rest_route=%2Fwp%2Fv2%2Fcategories&post=223"},{"taxonomy":"post_tag","embeddable":true,"href":"https:\/\/tamasikatalin.hu\/index.php?rest_route=%2Fwp%2Fv2%2Ftags&post=223"}],"curies":[{"name":"wp","href":"https:\/\/api.w.org\/{rel}","templated":true}]}}